{"id":1508,"date":"2020-03-31T19:37:34","date_gmt":"2020-04-01T00:37:34","guid":{"rendered":"https:\/\/gadsantacecilia.gob.ec\/?p=1508"},"modified":"2020-03-31T19:37:34","modified_gmt":"2020-04-01T00:37:34","slug":"colecta-solidaria-por-la-emergencia-del-covid-19","status":"publish","type":"post","link":"https:\/\/gadsantacecilia.gob.ec\/?p=1508","title":{"rendered":"COLECTA SOLIDARIA POR LA EMERGENCIA DEL COVID-19"},"content":{"rendered":"\n<p>Gran colecta solidaria por la emergencia sanitaria que atraviesa nuestro pa\u00eds, necesitamos tu colaboraci\u00f3n para poder sumar m\u00e1s raciones alimenticias y realizar la entrega a las familias que m\u00e1s lo necesitan, es momento de demostrar la unidad como Parroquia Santa Cecilia. <\/p>\n\n\n\n<figure class=\"wp-block-image size-large\"><img loading=\"lazy\" decoding=\"async\" width=\"960\" height=\"960\" src=\"https:\/\/gadsantacecilia.gob.ec\/wp-content\/uploads\/2020\/03\/colecta.jpg\" alt=\"\" class=\"wp-image-1509\" srcset=\"https:\/\/gadsantacecilia.gob.ec\/wp-content\/uploads\/2020\/03\/colecta.jpg 960w, https:\/\/gadsantacecilia.gob.ec\/wp-content\/uploads\/2020\/03\/colecta-300x300.jpg 300w, https:\/\/gadsantacecilia.gob.ec\/wp-content\/uploads\/2020\/03\/colecta-150x150.jpg 150w, https:\/\/gadsantacecilia.gob.ec\/wp-content\/uploads\/2020\/03\/colecta-768x768.jpg 768w, https:\/\/gadsantacecilia.gob.ec\/wp-content\/uploads\/2020\/03\/colecta-225x225.jpg 225w, https:\/\/gadsantacecilia.gob.ec\/wp-content\/uploads\/2020\/03\/colecta-75x75.jpg 75w\" sizes=\"auto, (max-width: 960px) 100vw, 960px\" \/><\/figure>\n","protected":false},"excerpt":{"rendered":"<p>Gran colecta solidaria por la emergencia sanitaria que atraviesa nuestro pa\u00eds, necesitamos tu colaboraci\u00f3n para poder sumar m\u00e1s raciones alimenticias y realizar la entrega a las familias que m\u00e1s lo necesitan, es momento de demostrar la unidad como Parroquia Santa Cecilia.<\/p>\n","protected":false},"author":1,"featured_media":0,"comment_status":"closed","ping_status":"closed","sticky":false,"template":"","format":"standard","meta":{"footnotes":""},"categories":[1],"tags":[],"class_list":["post-1508","post","type-post","status-publish","format-standard","hentry","category-uncategorized"],"jetpack_featured_media_url":"","_links":{"self":[{"href":"https:\/\/gadsantacecilia.gob.ec\/index.php?rest_route=\/wp\/v2\/posts\/1508","targetHints":{"allow":["GET"]}}],"collection":[{"href":"https:\/\/gadsantacecilia.gob.ec\/index.php?rest_route=\/wp\/v2\/posts"}],"about":[{"href":"https:\/\/gadsantacecilia.gob.ec\/index.php?rest_route=\/wp\/v2\/types\/post"}],"author":[{"embeddable":true,"href":"https:\/\/gadsantacecilia.gob.ec\/index.php?rest_route=\/wp\/v2\/users\/1"}],"replies":[{"embeddable":true,"href":"https:\/\/gadsantacecilia.gob.ec\/index.php?rest_route=%2Fwp%2Fv2%2Fcomments&post=1508"}],"version-history":[{"count":1,"href":"https:\/\/gadsantacecilia.gob.ec\/index.php?rest_route=\/wp\/v2\/posts\/1508\/revisions"}],"predecessor-version":[{"id":1510,"href":"https:\/\/gadsantacecilia.gob.ec\/index.php?rest_route=\/wp\/v2\/posts\/1508\/revisions\/1510"}],"wp:attachment":[{"href":"https:\/\/gadsantacecilia.gob.ec\/index.php?rest_route=%2Fwp%2Fv2%2Fmedia&parent=1508"}],"wp:term":[{"taxonomy":"category","embeddable":true,"href":"https:\/\/gadsantacecilia.gob.ec\/index.php?rest_route=%2Fwp%2Fv2%2Fcategories&post=1508"},{"taxonomy":"post_tag","embeddable":true,"href":"https:\/\/gadsantacecilia.gob.ec\/index.php?rest_route=%2Fwp%2Fv2%2Ftags&post=1508"}],"curies":[{"name":"wp","href":"https:\/\/api.w.org\/{rel}","templated":true}]}}